{"id":9589,"date":"2025-04-19T22:05:15","date_gmt":"2025-04-19T22:05:15","guid":{"rendered":"https:\/\/buellsport-naukluft.com\/?p=9589"},"modified":"2025-12-18T22:12:51","modified_gmt":"2025-12-18T22:12:51","slug":"110-years-buellsport-commemorates-its-world-war-victim","status":"publish","type":"post","link":"https:\/\/buellsport-naukluft.com\/en\/110-years-buellsport-commemorates-its-world-war-victim\/","title":{"rendered":"110 Years: B\u00fcllsPort commemorates &#8216;Its&#8217; World War Victim"},"content":{"rendered":"<p>[et_pb_section fb_built=&#8221;1&#8243; _builder_version=&#8221;4.16&#8243; custom_margin=&#8221;||30px&#8221; custom_padding=&#8221;||&#8221; global_colors_info=&#8221;{}&#8221;][et_pb_row _builder_version=&#8221;4.16&#8243; background_size=&#8221;initial&#8221; background_position=&#8221;top_left&#8221; background_repeat=&#8221;repeat&#8221; global_colors_info=&#8221;{}&#8221;][et_pb_column type=&#8221;4_4&#8243; _builder_version=&#8221;4.16&#8243; custom_padding=&#8221;|||&#8221; global_colors_info=&#8221;{}&#8221; custom_padding__hover=&#8221;|||&#8221;][et_pb_text admin_label=&#8221;Text&#8221; _builder_version=&#8221;4.27.4&#8243; background_size=&#8221;initial&#8221; background_position=&#8221;top_left&#8221; background_repeat=&#8221;repeat&#8221; hover_enabled=&#8221;0&#8243; global_colors_info=&#8221;{}&#8221; sticky_enabled=&#8221;0&#8243;]<\/p>\n<p>What connects the grave of Police Sergeant Rudolf Rogge at B\u00fcllsPort and the memorial of the Rehoboth Basters near Sam Khubis? &#8211; Both commemorate events in 1915. The First World War also claimed victims in the then colony of German South West Africa&#8230;<\/p>\n<p>On 22 April 1915, Police Sergeant Rudolf Rogge died. So says the white gravestone located near the campsite in the private nature reserve of B\u00fcllsPort Lodge &amp; Farm.<\/p>\n<p>The historically knowledgeable ethnologist Dr. Kuno Budack knows better. In his book &#8220;Krieg und Frieden in Basterland&#8221; (War and Peace in Basterland) he not only corrected the date of his death but also recounted how it came about.<\/p>\n<p>Starting on 19 April, Baster &#8216;comandos&#8217; rode through Basterland, killing German farmers and police officers. Rudolf Rogge was the first victim.<\/p>\n<h5><strong>South Africans on the advance<\/strong><\/h5>\n<p>But why? The backdrop was the First World War. The Union of South Africa sided with Great Britain and had an interest in the neighboring colony of German South West Africa.<\/p>\n<p>With a total of 60,000 soldiers, they advanced from L\u00fcderitz and Walvis Bay. The German colonial troops, with their approximately 4,000 men, could offer little resistance to the advance.<\/p>\n<p>The Basters, bound by their &#8216;Protection and Friendship Treaty&#8217;, were obligated to assist the Germans in conflicts with third parties. However, they secured assurances that the so-called Baster Company would not be deployed at the front, but only behind the lines.<\/p>\n<p>After the South Africans landed in Walvis Bay, the Basters made contact with them. Their aim was to secure their special rights for the period following the anticipated South African victory.<\/p>\n<p>Their conflict with the Germans escalated when they were ordered to guard South African soldiers captured in a skirmish. The South Africans threatened their guards with retaliation. On the night of 17 to 18 April, the Baster soldiers abandoned their posts and the camp.<\/p>\n<h5><strong>Battle at Sam Khubis<\/strong><\/h5>\n<div id=\"attachment_9581\" style=\"width: 810px\" class=\"wp-caption alignnone\"><img loading=\"lazy\" decoding=\"async\" aria-describedby=\"caption-attachment-9581\" class=\"wp-image-9581 size-full\" src=\"https:\/\/buellsport-naukluft.com\/wp-content\/uploads\/2025\/12\/25-05-08-valley-tents-memorial-site-Sam-Khubis-15-05-web-800.jpg\" alt=\"Sam Khubis Memorial 8 May 2015 100th Anniversary Commemoration Basters' battle against German colonial troops 8 May 1915\" width=\"800\" height=\"533\" srcset=\"https:\/\/buellsport-naukluft.com\/wp-content\/uploads\/2025\/12\/25-05-08-valley-tents-memorial-site-Sam-Khubis-15-05-web-800.jpg 800w, https:\/\/buellsport-naukluft.com\/wp-content\/uploads\/2025\/12\/25-05-08-valley-tents-memorial-site-Sam-Khubis-15-05-web-800-480x320.jpg 480w\" sizes=\"(min-width: 0px) and (max-width: 480px) 480px, (min-width: 481px) 800px, 100vw\" \/><p id=\"caption-attachment-9581\" class=\"wp-caption-text\">Sam Khubis memorial, pictured here on 8 May 2015, at the 100th anniversary commemoration of the Basters&#8217; battle against the German colonial troops on 8 May 1915. Photo: Sven-Eric Stender<\/p><\/div>\n<p>They also raided German farms and police stations. In response, the German colonial troops launched a punitive action. On 8 May 1915, a fierce battle took place at Sam Khubis, about 80 km southwest of Rehoboth. Hundreds of Baster fighters had entrenched themselves there.<\/p>\n<p>After hours of resistance, the Basters were forced to abandon their positions. However, the Germans had no time to pursue them, as South African troops were already advancing on Windhoek.<\/p>\n<p>To avoid being cut off from the core of the Schutztruppe, they had to march north as quickly as possible. Two months later, on 9 July 1915, the Schutztruppe surrendered at Khorab, north of Otavi.<\/p>\n<p>The Rehoboth Basters gather every year on 8 May at Sam Khubis to commemorate the battle and the fallen. It is located about 80 km from Rehoboth on the road to Klein Aub. A large gate in black, red, and white, the national colors of the Basters, marks the entrance.<\/p>\n<p>Meanwhile, only an unassuming grave commemorates Police Sergeant Rudolf Rogge. It lies in the middle of the private nature reserve of B\u00fcllsPort Lodge &amp; Farm, near the small <a href=\"https:\/\/buellsport-naukluft.com\/en\/camping\/\" target=\"_blank\" rel=\"noopener\">campsite<\/a>. A chapter of the <a href=\"https:\/\/www.namibiabooks.com\/deutsche-buecher\/product\/1492-krieg-und-frieden-im-basterland\" target=\"_blank\" rel=\"noopener\">book &#8216;Krieg und Frieden in Basterland&#8217;<\/a> is dedicated to his tragic end.<\/p>\n<div id=\"attachment_9583\" style=\"width: 810px\" class=\"wp-caption alignnone\"><img loading=\"lazy\" decoding=\"async\" aria-describedby=\"caption-attachment-9583\" class=\"wp-image-9583 size-full\" src=\"https:\/\/buellsport-naukluft.com\/wp-content\/uploads\/2025\/12\/25-05-08-grave-Rogge-Rudolf-BsP-19-06-web-800.jpg\" alt=\"Grave of Police Sergeant Rudolf Rogge near campsite private nature reserve B\u00fcllsPort Lodge &amp; Farm Naukluft Mountains\" width=\"800\" height=\"533\" srcset=\"https:\/\/buellsport-naukluft.com\/wp-content\/uploads\/2025\/12\/25-05-08-grave-Rogge-Rudolf-BsP-19-06-web-800.jpg 800w, https:\/\/buellsport-naukluft.com\/wp-content\/uploads\/2025\/12\/25-05-08-grave-Rogge-Rudolf-BsP-19-06-web-800-480x320.jpg 480w\" sizes=\"(min-width: 0px) and (max-width: 480px) 480px, (min-width: 481px) 800px, 100vw\" \/><p id=\"caption-attachment-9583\" class=\"wp-caption-text\">Grave of Police Sergeant Rudolf Rogge near the campsite in the private nature reserve of B\u00fcllsPort Lodge &amp; Farm in the Naukluft Mountains. Photo: Sven-Eric Stender<\/p><\/div>\n<p>&nbsp;<\/p>\n<p>[\/et_pb_text][\/et_pb_column][\/et_pb_row][\/et_pb_section][et_pb_section fb_built=&#8221;1&#8243; custom_padding_last_edited=&#8221;on|desktop&#8221; admin_label=&#8221;Sektion Newsletter Abo&#8221; _builder_version=&#8221;4.22.2&#8243; background_color=&#8221;#8c2d1e&#8221; custom_margin=&#8221;0px||0px&#8221; custom_margin_tablet=&#8221;&#8221; custom_margin_phone=&#8221;&#8221; custom_margin_last_edited=&#8221;on|desktop&#8221; custom_padding=&#8221;55px||60px&#8221; custom_padding_tablet=&#8221;&#8221; custom_padding_phone=&#8221;|||&#8221; border_width_top=&#8221;1px&#8221; border_color_top=&#8221;#752e20&#8243; global_colors_info=&#8221;{}&#8221; global_module=&#8221;3007&#8243; theme_builder_area=&#8221;post_content&#8221;][et_pb_row custom_padding_last_edited=&#8221;on|desktop&#8221; admin_label=&#8221;Zeile Newsletter Abo&#8221; _builder_version=&#8221;4.22.2&#8243; background_color=&#8221;#8c2d1e&#8221; custom_padding=&#8221;|60px||60px&#8221; custom_padding_tablet=&#8221;|30px||30px&#8221; custom_padding_phone=&#8221;|15px||15px&#8221; global_colors_info=&#8221;{}&#8221; theme_builder_area=&#8221;post_content&#8221;][et_pb_column type=&#8221;4_4&#8243; _builder_version=&#8221;4.16&#8243; custom_padding=&#8221;|||&#8221; global_colors_info=&#8221;{}&#8221; custom_padding__hover=&#8221;|||&#8221; theme_builder_area=&#8221;post_content&#8221;][et_pb_text admin_label=&#8221;Text Newsletter Abo&#8221; _builder_version=&#8221;4.22.2&#8243; text_font=&#8221;||||||||&#8221; text_text_color=&#8221;#ffffff&#8221; text_font_size=&#8221;16px&#8221; header_font=&#8221;||||||||&#8221; header_2_font=&#8221;Merriweather||||||||&#8221; header_2_text_align=&#8221;center&#8221; header_2_text_color=&#8221;#fff&#8221; text_orientation=&#8221;center&#8221; custom_margin=&#8221;0px||0px&#8221; custom_padding=&#8221;0px||20px&#8221; custom_padding_tablet=&#8221;&#8221; custom_padding_phone=&#8221;|||&#8221; custom_padding_last_edited=&#8221;on|phone&#8221; text_font_size_tablet=&#8221;15px&#8221; text_font_size_phone=&#8221;15px&#8221; text_font_size_last_edited=&#8221;on|desktop&#8221; global_colors_info=&#8221;{}&#8221; theme_builder_area=&#8221;post_content&#8221;]<\/p>\n<h2>Newsletter &#8220;Naukluft Mail&#8221;<\/h2>\n<p>Straight from the NAUkLuFT to your mailbox: News, information and exciting stories about the guest business and farm operations of B\u00fcllsPort, as well as the mountains of the NAUkLuFT. Subscribe to our quarterly newsletter &#8220;Naukluft Mail&#8221;.<\/p>\n<p>[\/et_pb_text][et_pb_button button_url=&#8221;#&#8221; button_text=&#8221;Subscribe here &#8221; button_alignment=&#8221;center&#8221; module_id=&#8221;popup&#8221; _builder_version=&#8221;4.16&#8243; custom_button=&#8221;on&#8221; button_text_color=&#8221;#ffffff&#8221; button_border_color=&#8221;#ffffff&#8221; button_border_radius=&#8221;1px&#8221; button_font=&#8221;|700|||||||&#8221; button_use_icon=&#8221;off&#8221; custom_margin=&#8221;0px||0px&#8221; global_colors_info=&#8221;{}&#8221; theme_builder_area=&#8221;post_content&#8221;][\/et_pb_button][et_pb_text admin_label=&#8221;Text Newsletter Abo&#8221; _builder_version=&#8221;4.16&#8243; text_font=&#8221;||||||||&#8221; text_text_color=&#8221;#ffffff&#8221; text_font_size=&#8221;14px&#8221; text_orientation=&#8221;center&#8221; custom_margin=&#8221;0px||0px&#8221; custom_padding=&#8221;22px||0px&#8221; custom_padding_tablet=&#8221;&#8221; custom_padding_phone=&#8221;&#8221; custom_padding_last_edited=&#8221;on|desktop&#8221; text_font_size_tablet=&#8221;13px&#8221; text_font_size_phone=&#8221;13px&#8221; text_font_size_last_edited=&#8221;on|phone&#8221; global_colors_info=&#8221;{}&#8221; theme_builder_area=&#8221;post_content&#8221;]<em><a style=\"color: #fff;\" href=\"\/en\/data-protection\/\" target=\"_blank\" rel=\"noopener noreferrer\">Your data is secure and will not be passed on to third parties<\/a><\/em>[\/et_pb_text][et_pb_text admin_label=&#8221;Text Newsletter Abo&#8221; _builder_version=&#8221;4.16&#8243; text_font=&#8221;||||||||&#8221; text_text_color=&#8221;#ffffff&#8221; text_font_size=&#8221;16px&#8221; header_font=&#8221;||||||||&#8221; header_2_font=&#8221;||||||||&#8221; header_2_text_align=&#8221;center&#8221; header_2_text_color=&#8221;#fff&#8221; text_orientation=&#8221;center&#8221; custom_margin=&#8221;0px||0px&#8221; custom_padding=&#8221;15px||20px||false|false&#8221; custom_padding_tablet=&#8221;15px||||false|false&#8221; custom_padding_phone=&#8221;15px||||false|false&#8221; custom_padding_last_edited=&#8221;on|desktop&#8221; text_font_size_tablet=&#8221;15px&#8221; text_font_size_phone=&#8221;15px&#8221; text_font_size_last_edited=&#8221;on|desktop&#8221; global_colors_info=&#8221;{}&#8221; theme_builder_area=&#8221;post_content&#8221;]<\/p>\n<p>If you want to see what&#8217;s going on at B\u00fcllsPort every now and then:<\/p>\n<p>[\/et_pb_text][et_pb_social_media_follow _builder_version=&#8221;4.16&#8243; _module_preset=&#8221;default&#8221; text_orientation=&#8221;center&#8221; global_colors_info=&#8221;{}&#8221; theme_builder_area=&#8221;post_content&#8221;][et_pb_social_media_follow_network social_network=&#8221;facebook&#8221; url=&#8221;https:\/\/www.facebook.com\/BuellsPortNaukluft\/&#8221; _builder_version=&#8221;4.16&#8243; _module_preset=&#8221;default&#8221; background_color=&#8221;#3b5998&#8243; global_colors_info=&#8221;{}&#8221; theme_builder_area=&#8221;post_content&#8221; follow_button=&#8221;off&#8221; url_new_window=&#8221;on&#8221;]facebook[\/et_pb_social_media_follow_network][et_pb_social_media_follow_network social_network=&#8221;youtube&#8221; url=&#8221;https:\/\/www.youtube.com\/channel\/UCf5voiUUeujABl-VRWZ5puQ&#8221; _builder_version=&#8221;4.16&#8243; _module_preset=&#8221;default&#8221; background_color=&#8221;#a82400&#8243; global_colors_info=&#8221;{}&#8221; theme_builder_area=&#8221;post_content&#8221; follow_button=&#8221;off&#8221; url_new_window=&#8221;on&#8221;]youtube[\/et_pb_social_media_follow_network][\/et_pb_social_media_follow][\/et_pb_column][\/et_pb_row][\/et_pb_section]<\/p>\n<span class=\"et_bloom_bottom_trigger\"><\/span>","protected":false},"excerpt":{"rendered":"<p>What connects the grave of Police Sergeant Rudolf Rogge at B\u00fcllsPort and the memorial of the Rehoboth Basters near Sam Khubis? &#8211; Both commemorate events in 1915. The First World War also claimed victims in the then colony of German South West Africa&#8230; On 22 April 1915, Police Sergeant Rudolf Rogge died. So says the [&hellip;]<\/p>\n","protected":false},"author":5,"featured_media":9577,"comment_status":"closed","ping_status":"closed","sticky":false,"template":"","format":"standard","meta":{"_et_pb_use_builder":"on","_et_pb_old_content":"","_et_gb_content_width":"","footnotes":""},"categories":[12],"tags":[],"class_list":["post-9589","post","type-post","status-publish","format-standard","has-post-thumbnail","hentry","category-uncategorized"],"yoast_head":"<!-- This site is optimized with the Yoast SEO plugin v25.6 - https:\/\/yoast.com\/wordpress\/plugins\/seo\/ -->\n<title>110 Years: B\u00fcllsPort commemorates &#039;Its&#039; World War Victim - B\u00fcllsPort Lodge &amp; Farm<\/title>\n<meta name=\"description\" content=\"110 years: B\u00fcllsPort commemorates &#039;its&#039; World War I victim. Police sergeant Rudolf Rogge died 19 April 1915 in the conflict with the Baster.\" \/>\n<meta name=\"robots\" content=\"index, follow, max-snippet:-1, max-image-preview:large, max-video-preview:-1\" \/>\n<link rel=\"canonical\" href=\"https:\/\/buellsport-naukluft.com\/en\/110-years-buellsport-commemorates-its-world-war-victim\/\" \/>\n<meta property=\"og:locale\" content=\"en_US\" \/>\n<meta property=\"og:type\" content=\"article\" \/>\n<meta property=\"og:title\" content=\"110 Years: B\u00fcllsPort commemorates &#039;Its&#039; World War Victim - B\u00fcllsPort Lodge &amp; Farm\" \/>\n<meta property=\"og:description\" content=\"110 years: B\u00fcllsPort commemorates &#039;its&#039; World War I victim. Police sergeant Rudolf Rogge died 19 April 1915 in the conflict with the Baster.\" \/>\n<meta property=\"og:url\" content=\"https:\/\/buellsport-naukluft.com\/en\/110-years-buellsport-commemorates-its-world-war-victim\/\" \/>\n<meta property=\"og:site_name\" content=\"B\u00fcllsPort Lodge &amp; Farm\" \/>\n<meta property=\"article:published_time\" content=\"2025-04-19T22:05:15+00:00\" \/>\n<meta property=\"article:modified_time\" content=\"2025-12-18T22:12:51+00:00\" \/>\n<meta property=\"og:image\" content=\"https:\/\/buellsport-naukluft.com\/wp-content\/uploads\/2025\/12\/25-05-08-Polizeistation-BsP-Uni-Ffm-Kolonialarchiv-19XX-Rogge-Rudolf-inlet-web-800-x-533.jpg\" \/>\n\t<meta property=\"og:image:width\" content=\"800\" \/>\n\t<meta property=\"og:image:height\" content=\"533\" \/>\n\t<meta property=\"og:image:type\" content=\"image\/jpeg\" \/>\n<meta name=\"author\" content=\"BuellsPort Naukluft\" \/>\n<meta name=\"twitter:label1\" content=\"Written by\" \/>\n\t<meta name=\"twitter:data1\" content=\"BuellsPort Naukluft\" \/>\n\t<meta name=\"twitter:label2\" content=\"Est. reading time\" \/>\n\t<meta name=\"twitter:data2\" content=\"5 minutes\" \/>\n<script type=\"application\/ld+json\" class=\"yoast-schema-graph\">{\"@context\":\"https:\/\/schema.org\",\"@graph\":[{\"@type\":\"WebPage\",\"@id\":\"https:\/\/buellsport-naukluft.com\/en\/110-years-buellsport-commemorates-its-world-war-victim\/\",\"url\":\"https:\/\/buellsport-naukluft.com\/en\/110-years-buellsport-commemorates-its-world-war-victim\/\",\"name\":\"110 Years: B\u00fcllsPort commemorates 'Its' World War Victim - B\u00fcllsPort Lodge &amp; Farm\",\"isPartOf\":{\"@id\":\"https:\/\/buellsport-naukluft.com\/#website\"},\"primaryImageOfPage\":{\"@id\":\"https:\/\/buellsport-naukluft.com\/en\/110-years-buellsport-commemorates-its-world-war-victim\/#primaryimage\"},\"image\":{\"@id\":\"https:\/\/buellsport-naukluft.com\/en\/110-years-buellsport-commemorates-its-world-war-victim\/#primaryimage\"},\"thumbnailUrl\":\"https:\/\/buellsport-naukluft.com\/wp-content\/uploads\/2025\/12\/25-05-08-Polizeistation-BsP-Uni-Ffm-Kolonialarchiv-19XX-Rogge-Rudolf-inlet-web-800-x-533.jpg\",\"datePublished\":\"2025-04-19T22:05:15+00:00\",\"dateModified\":\"2025-12-18T22:12:51+00:00\",\"author\":{\"@id\":\"https:\/\/buellsport-naukluft.com\/#\/schema\/person\/d7aff0659847bd940228b769571976ee\"},\"description\":\"110 years: B\u00fcllsPort commemorates 'its' World War I victim. Police sergeant Rudolf Rogge died 19 April 1915 in the conflict with the Baster.\",\"breadcrumb\":{\"@id\":\"https:\/\/buellsport-naukluft.com\/en\/110-years-buellsport-commemorates-its-world-war-victim\/#breadcrumb\"},\"inLanguage\":\"en-US\",\"potentialAction\":[{\"@type\":\"ReadAction\",\"target\":[\"https:\/\/buellsport-naukluft.com\/en\/110-years-buellsport-commemorates-its-world-war-victim\/\"]}]},{\"@type\":\"ImageObject\",\"inLanguage\":\"en-US\",\"@id\":\"https:\/\/buellsport-naukluft.com\/en\/110-years-buellsport-commemorates-its-world-war-victim\/#primaryimage\",\"url\":\"https:\/\/buellsport-naukluft.com\/wp-content\/uploads\/2025\/12\/25-05-08-Polizeistation-BsP-Uni-Ffm-Kolonialarchiv-19XX-Rogge-Rudolf-inlet-web-800-x-533.jpg\",\"contentUrl\":\"https:\/\/buellsport-naukluft.com\/wp-content\/uploads\/2025\/12\/25-05-08-Polizeistation-BsP-Uni-Ffm-Kolonialarchiv-19XX-Rogge-Rudolf-inlet-web-800-x-533.jpg\",\"width\":800,\"height\":533,\"caption\":\"Police Sergeant Rudolf Rogge and 'his' police station at B\u00fcllsPort on the road along the Tsondab Valley through the Naukluft Mountains in the former colony of German South West Africa. Photos: Koloniales Bildarchiv der Universit\u00e4tsbibliothek Frankfurt am Main\"},{\"@type\":\"BreadcrumbList\",\"@id\":\"https:\/\/buellsport-naukluft.com\/en\/110-years-buellsport-commemorates-its-world-war-victim\/#breadcrumb\",\"itemListElement\":[{\"@type\":\"ListItem\",\"position\":1,\"name\":\"Home\",\"item\":\"https:\/\/buellsport-naukluft.com\/en\/\"},{\"@type\":\"ListItem\",\"position\":2,\"name\":\"110 Years: B\u00fcllsPort commemorates &#8218;Its&#8216; World War Victim\"}]},{\"@type\":\"WebSite\",\"@id\":\"https:\/\/buellsport-naukluft.com\/#website\",\"url\":\"https:\/\/buellsport-naukluft.com\/\",\"name\":\"B\u00fcllsPort Lodge &amp; Farm\",\"description\":\"Naukluft Mountains Hiking &amp; Riding\",\"potentialAction\":[{\"@type\":\"SearchAction\",\"target\":{\"@type\":\"EntryPoint\",\"urlTemplate\":\"https:\/\/buellsport-naukluft.com\/?s={search_term_string}\"},\"query-input\":{\"@type\":\"PropertyValueSpecification\",\"valueRequired\":true,\"valueName\":\"search_term_string\"}}],\"inLanguage\":\"en-US\"},{\"@type\":\"Person\",\"@id\":\"https:\/\/buellsport-naukluft.com\/#\/schema\/person\/d7aff0659847bd940228b769571976ee\",\"name\":\"BuellsPort Naukluft\",\"image\":{\"@type\":\"ImageObject\",\"inLanguage\":\"en-US\",\"@id\":\"https:\/\/buellsport-naukluft.com\/#\/schema\/person\/image\/\",\"url\":\"https:\/\/buellsport-naukluft.com\/wp-content\/uploads\/2019\/03\/B\u00fcllsPort-Lodge-Avatar-150x150.png\",\"contentUrl\":\"https:\/\/buellsport-naukluft.com\/wp-content\/uploads\/2019\/03\/B\u00fcllsPort-Lodge-Avatar-150x150.png\",\"caption\":\"BuellsPort Naukluft\"},\"url\":\"https:\/\/buellsport-naukluft.com\/en\/author\/buellsport-guestfarm\/\"}]}<\/script>\n<!-- \/ Yoast SEO plugin. -->","yoast_head_json":{"title":"110 Years: B\u00fcllsPort commemorates 'Its' World War Victim - B\u00fcllsPort Lodge &amp; Farm","description":"110 years: B\u00fcllsPort commemorates 'its' World War I victim. Police sergeant Rudolf Rogge died 19 April 1915 in the conflict with the Baster.","robots":{"index":"index","follow":"follow","max-snippet":"max-snippet:-1","max-image-preview":"max-image-preview:large","max-video-preview":"max-video-preview:-1"},"canonical":"https:\/\/buellsport-naukluft.com\/en\/110-years-buellsport-commemorates-its-world-war-victim\/","og_locale":"en_US","og_type":"article","og_title":"110 Years: B\u00fcllsPort commemorates 'Its' World War Victim - B\u00fcllsPort Lodge &amp; Farm","og_description":"110 years: B\u00fcllsPort commemorates 'its' World War I victim. Police sergeant Rudolf Rogge died 19 April 1915 in the conflict with the Baster.","og_url":"https:\/\/buellsport-naukluft.com\/en\/110-years-buellsport-commemorates-its-world-war-victim\/","og_site_name":"B\u00fcllsPort Lodge &amp; Farm","article_published_time":"2025-04-19T22:05:15+00:00","article_modified_time":"2025-12-18T22:12:51+00:00","og_image":[{"width":800,"height":533,"url":"https:\/\/buellsport-naukluft.com\/wp-content\/uploads\/2025\/12\/25-05-08-Polizeistation-BsP-Uni-Ffm-Kolonialarchiv-19XX-Rogge-Rudolf-inlet-web-800-x-533.jpg","type":"image\/jpeg"}],"author":"BuellsPort Naukluft","twitter_misc":{"Written by":"BuellsPort Naukluft","Est. reading time":"5 minutes"},"schema":{"@context":"https:\/\/schema.org","@graph":[{"@type":"WebPage","@id":"https:\/\/buellsport-naukluft.com\/en\/110-years-buellsport-commemorates-its-world-war-victim\/","url":"https:\/\/buellsport-naukluft.com\/en\/110-years-buellsport-commemorates-its-world-war-victim\/","name":"110 Years: B\u00fcllsPort commemorates 'Its' World War Victim - B\u00fcllsPort Lodge &amp; Farm","isPartOf":{"@id":"https:\/\/buellsport-naukluft.com\/#website"},"primaryImageOfPage":{"@id":"https:\/\/buellsport-naukluft.com\/en\/110-years-buellsport-commemorates-its-world-war-victim\/#primaryimage"},"image":{"@id":"https:\/\/buellsport-naukluft.com\/en\/110-years-buellsport-commemorates-its-world-war-victim\/#primaryimage"},"thumbnailUrl":"https:\/\/buellsport-naukluft.com\/wp-content\/uploads\/2025\/12\/25-05-08-Polizeistation-BsP-Uni-Ffm-Kolonialarchiv-19XX-Rogge-Rudolf-inlet-web-800-x-533.jpg","datePublished":"2025-04-19T22:05:15+00:00","dateModified":"2025-12-18T22:12:51+00:00","author":{"@id":"https:\/\/buellsport-naukluft.com\/#\/schema\/person\/d7aff0659847bd940228b769571976ee"},"description":"110 years: B\u00fcllsPort commemorates 'its' World War I victim. Police sergeant Rudolf Rogge died 19 April 1915 in the conflict with the Baster.","breadcrumb":{"@id":"https:\/\/buellsport-naukluft.com\/en\/110-years-buellsport-commemorates-its-world-war-victim\/#breadcrumb"},"inLanguage":"en-US","potentialAction":[{"@type":"ReadAction","target":["https:\/\/buellsport-naukluft.com\/en\/110-years-buellsport-commemorates-its-world-war-victim\/"]}]},{"@type":"ImageObject","inLanguage":"en-US","@id":"https:\/\/buellsport-naukluft.com\/en\/110-years-buellsport-commemorates-its-world-war-victim\/#primaryimage","url":"https:\/\/buellsport-naukluft.com\/wp-content\/uploads\/2025\/12\/25-05-08-Polizeistation-BsP-Uni-Ffm-Kolonialarchiv-19XX-Rogge-Rudolf-inlet-web-800-x-533.jpg","contentUrl":"https:\/\/buellsport-naukluft.com\/wp-content\/uploads\/2025\/12\/25-05-08-Polizeistation-BsP-Uni-Ffm-Kolonialarchiv-19XX-Rogge-Rudolf-inlet-web-800-x-533.jpg","width":800,"height":533,"caption":"Police Sergeant Rudolf Rogge and 'his' police station at B\u00fcllsPort on the road along the Tsondab Valley through the Naukluft Mountains in the former colony of German South West Africa. Photos: Koloniales Bildarchiv der Universit\u00e4tsbibliothek Frankfurt am Main"},{"@type":"BreadcrumbList","@id":"https:\/\/buellsport-naukluft.com\/en\/110-years-buellsport-commemorates-its-world-war-victim\/#breadcrumb","itemListElement":[{"@type":"ListItem","position":1,"name":"Home","item":"https:\/\/buellsport-naukluft.com\/en\/"},{"@type":"ListItem","position":2,"name":"110 Years: B\u00fcllsPort commemorates &#8218;Its&#8216; World War Victim"}]},{"@type":"WebSite","@id":"https:\/\/buellsport-naukluft.com\/#website","url":"https:\/\/buellsport-naukluft.com\/","name":"B\u00fcllsPort Lodge &amp; Farm","description":"Naukluft Mountains Hiking &amp; Riding","potentialAction":[{"@type":"SearchAction","target":{"@type":"EntryPoint","urlTemplate":"https:\/\/buellsport-naukluft.com\/?s={search_term_string}"},"query-input":{"@type":"PropertyValueSpecification","valueRequired":true,"valueName":"search_term_string"}}],"inLanguage":"en-US"},{"@type":"Person","@id":"https:\/\/buellsport-naukluft.com\/#\/schema\/person\/d7aff0659847bd940228b769571976ee","name":"BuellsPort Naukluft","image":{"@type":"ImageObject","inLanguage":"en-US","@id":"https:\/\/buellsport-naukluft.com\/#\/schema\/person\/image\/","url":"https:\/\/buellsport-naukluft.com\/wp-content\/uploads\/2019\/03\/B\u00fcllsPort-Lodge-Avatar-150x150.png","contentUrl":"https:\/\/buellsport-naukluft.com\/wp-content\/uploads\/2019\/03\/B\u00fcllsPort-Lodge-Avatar-150x150.png","caption":"BuellsPort Naukluft"},"url":"https:\/\/buellsport-naukluft.com\/en\/author\/buellsport-guestfarm\/"}]}},"_links":{"self":[{"href":"https:\/\/buellsport-naukluft.com\/en\/wp-json\/wp\/v2\/posts\/9589","targetHints":{"allow":["GET"]}}],"collection":[{"href":"https:\/\/buellsport-naukluft.com\/en\/wp-json\/wp\/v2\/posts"}],"about":[{"href":"https:\/\/buellsport-naukluft.com\/en\/wp-json\/wp\/v2\/types\/post"}],"author":[{"embeddable":true,"href":"https:\/\/buellsport-naukluft.com\/en\/wp-json\/wp\/v2\/users\/5"}],"replies":[{"embeddable":true,"href":"https:\/\/buellsport-naukluft.com\/en\/wp-json\/wp\/v2\/comments?post=9589"}],"version-history":[{"count":2,"href":"https:\/\/buellsport-naukluft.com\/en\/wp-json\/wp\/v2\/posts\/9589\/revisions"}],"predecessor-version":[{"id":9592,"href":"https:\/\/buellsport-naukluft.com\/en\/wp-json\/wp\/v2\/posts\/9589\/revisions\/9592"}],"wp:featuredmedia":[{"embeddable":true,"href":"https:\/\/buellsport-naukluft.com\/en\/wp-json\/wp\/v2\/media\/9577"}],"wp:attachment":[{"href":"https:\/\/buellsport-naukluft.com\/en\/wp-json\/wp\/v2\/media?parent=9589"}],"wp:term":[{"taxonomy":"category","embeddable":true,"href":"https:\/\/buellsport-naukluft.com\/en\/wp-json\/wp\/v2\/categories?post=9589"},{"taxonomy":"post_tag","embeddable":true,"href":"https:\/\/buellsport-naukluft.com\/en\/wp-json\/wp\/v2\/tags?post=9589"}],"curies":[{"name":"wp","href":"https:\/\/api.w.org\/{rel}","templated":true}]}}